{"id":210372,"date":"2023-11-19T22:16:23","date_gmt":"2023-11-19T22:16:23","guid":{"rendered":"https:\/\/mobralevante.es\/ventas\/?p=210372"},"modified":"2025-06-27T15:04:57","modified_gmt":"2025-06-27T15:04:57","slug":"andamios","status":"publish","type":"post","link":"https:\/\/mobralevante.es\/ventas\/andamios\/","title":{"rendered":"Venta y alquiler de andamios en Torrent, Valencia: todo lo que debes saber"},"content":{"rendered":"\n[et_pb_section fb_built=\u00bb1&#8243; fullwidth=\u00bbon\u00bb _builder_version=\u00bb4.22.1&#8243; _module_preset=\u00bbdefault\u00bb background_color=\u00bb#e86800&#8243; custom_padding=\u00bb||2px|||\u00bb global_colors_info=\u00bb{}\u00bb][et_pb_fullwidth_image _builder_version=\u00bb4.22.1&#8243; _module_preset=\u00bbdefault\u00bb background_color=\u00bb#000000&#8243; custom_margin=\u00bb||21px|||\u00bb global_colors_info=\u00bb{}\u00bb][\/et_pb_fullwidth_image][\/et_pb_section][et_pb_section fb_built=\u00bb1&#8243; admin_label=\u00bbHeader\u00bb _builder_version=\u00bb4.22.1&#8243; _module_preset=\u00bbdefault\u00bb use_background_color_gradient=\u00bbon\u00bb background_color_gradient_direction=\u00bb12deg\u00bb background_color_gradient_stops=\u00bb#000000 0%|rgba(0,0,0,0.4) 100%\u00bb background_color_gradient_overlays_image=\u00bbon\u00bb background_image=\u00bbhttps:\/\/mobralevante.es\/ventas\/wp-content\/uploads\/2022\/10\/ANDAMIO-EUROPEO-OBRA-NUEVA.jpg\u00bb custom_padding=\u00bb3vw||3vw||true|false\u00bb collapsed=\u00bbon\u00bb global_colors_info=\u00bb{}\u00bb][et_pb_row disabled_on=\u00bbon|on|off\u00bb _builder_version=\u00bb4.22.1&#8243; _module_preset=\u00bbdefault\u00bb global_colors_info=\u00bb{}\u00bb][et_pb_column type=\u00bb4_4&#8243; _builder_version=\u00bb4.22.1&#8243; _module_preset=\u00bbdefault\u00bb global_colors_info=\u00bb{}\u00bb][et_pb_text _builder_version=\u00bb4.27.0&#8243; _module_preset=\u00bb7c2bd1bb-5416-4a0e-bf29-7f2075a13a79&#8243; header_font=\u00bb||||||||\u00bb header_font_size=\u00bb68px\u00bb header_2_font_size=\u00bb17px\u00bb custom_margin=\u00bb||-2px|||\u00bb hover_enabled=\u00bb0&#8243; global_colors_info=\u00bb{}\u00bb sticky_enabled=\u00bb0&#8243;]<p style=\"text-align: center;\"><img loading=\"lazy\" decoding=\"async\" src=\"https:\/\/mobralevante.es\/ventas\/wp-content\/uploads\/2018\/09\/ANDAMIOS_andamio-europeo-tubular-1.jpg\" width=\"636\" height=\"392\" alt=\"\" class=\"wp-image-29916 alignnone size-full\" srcset=\"https:\/\/mobralevante.es\/ventas\/wp-content\/uploads\/2018\/09\/ANDAMIOS_andamio-europeo-tubular-1.jpg 636w, https:\/\/mobralevante.es\/ventas\/wp-content\/uploads\/2018\/09\/ANDAMIOS_andamio-europeo-tubular-1-600x370.jpg 600w, https:\/\/mobralevante.es\/ventas\/wp-content\/uploads\/2018\/09\/ANDAMIOS_andamio-europeo-tubular-1-300x185.jpg 300w\" sizes=\"(max-width: 636px) 100vw, 636px\" \/><\/p>[\/et_pb_text][et_pb_text disabled_on=\u00bbon|on|off\u00bb _builder_version=\u00bb4.22.1&#8243; _module_preset=\u00bba9277fc5-953e-4d3d-9753-34c685b4b5a6&#8243; background_layout=\u00bbdark\u00bb global_colors_info=\u00bb{}\u00bb]<p>El sector de la construcci\u00f3n los <strong>andamios<\/strong> son elementos imprescindibles. Estas estructuras temporales permiten el acceso seguro a zonas elevadas, facilitan el transporte de materiales y garantizan que los trabajos en altura se realicen con la mayor eficiencia y seguridad posible.<\/p>\n<p>Si est\u00e1s considerando la <strong>venta o alquiler de andamios<\/strong>, es fundamental conocer los tipos de andamios disponibles, sus usos, y por qu\u00e9 es tan importante optar por soluciones certificadas y profesionales.<\/p>\n<h2>\u00bfQu\u00e9 es un andamio y para qu\u00e9 se utiliza?<\/h2>\n<p>Un andamio es una estructura provisional utilizada para brindar <strong>soporte y acceso a trabajadores y materiales<\/strong> durante la ejecuci\u00f3n de obras. Estas plataformas permiten que los operarios se desplacen y trabajen con seguridad a diferentes alturas.<\/p>\n<p>Ya sea en trabajos de rehabilitaci\u00f3n de fachadas, construcci\u00f3n de edificios nuevos o mantenimiento industrial, el uso de <strong>andamios homologados<\/strong> permite maximizar la <strong>productividad<\/strong> sin comprometer la <strong>seguridad laboral<\/strong>.<\/p>\n<h2>Tipos de andamios seg\u00fan el tipo de obra<\/h2>\n<p>En <strong>Mobra Levante<\/strong>, empresa referente en la venta y alquiler de andamios en Torrent, trabajamos con distintas tipolog\u00edas adaptadas a cada necesidad:<\/p>\n<ul>\n<li>\n<p><strong>Andamios de torre<\/strong>: estructuras modulares que ofrecen estabilidad y facilidad de montaje, ideales para trabajos en altura con movilidad vertical.<\/p>\n<\/li>\n<li>\n<p><strong>Andamios colgantes<\/strong>: se suspenden desde estructuras superiores, facilitando el acceso a fachadas o \u00e1reas dif\u00edciles de alcanzar.<\/p>\n<\/li>\n<li>\n<p><strong>Andamios multidireccionales<\/strong>: extremadamente vers\u00e1tiles, adaptables a geometr\u00edas complejas y ampliamente usados en obras de restauraci\u00f3n.<\/p>\n<\/li>\n<li>\n<p><strong>Andamios de marco<\/strong>: muy comunes en obra civil y edificaci\u00f3n, por su montaje r\u00e1pido y econ\u00f3mico.<\/p>\n<\/li>\n<li>\n<p><strong>Andamios de escalera<\/strong>: perfectos para trabajos puntuales en zonas con acceso reducido.<\/p>\n<\/li>\n<\/ul>\n<p>Todos nuestros andamios est\u00e1n dise\u00f1ados para <strong>resistir las cargas exigidas por la normativa<\/strong>, con componentes de alta durabilidad y sistemas de seguridad integrados.<\/p>\n<h2>La seguridad en el uso de andamios: prioridad n\u00famero uno<\/h2>\n<p>El uso de andamios debe cumplir con las <strong>normas de seguridad laboral en construcci\u00f3n<\/strong>, ya que una instalaci\u00f3n incorrecta puede ocasionar <strong>accidentes graves o incluso fatales<\/strong>.<\/p>\n<p>Por eso, en Mobra Levante nos aseguramos de que:<\/p>\n<ul>\n<li>\n<p>Todos nuestros equipos est\u00e9n <strong>certificados y homologados<\/strong>.<\/p>\n<\/li>\n<li>\n<p>Se realicen <strong>inspecciones peri\u00f3dicas<\/strong> de los componentes.<\/p>\n<\/li>\n<li>\n<p>El montaje sea efectuado por <strong>profesionales cualificados<\/strong>.<\/p>\n<\/li>\n<li>\n<p>Las plataformas sean <strong>antideslizantes<\/strong> y cuenten con <strong>barandillas de protecci\u00f3n<\/strong>.<\/p>\n<\/li>\n<li>\n<p>Se integren <strong>l\u00edneas de vida<\/strong>, arneses y redes de seguridad cuando sea necesario.<\/p>\n<\/li>\n<\/ul>\n<p>Invertir en andamios seguros es invertir en la <strong>integridad de los trabajadores y en el \u00e9xito del proyecto<\/strong>.<\/p>\n<h2>Alquiler y venta de andamios en Torrent: ventajas de contar con Mobra Levante<\/h2>\n<p>Ubicados en <strong>Torrent, provincia de Valencia<\/strong>, en <strong>Mobra Levante S.L.<\/strong> ofrecemos soluciones completas para todo tipo de obra. Nuestra experiencia y compromiso con la seguridad nos posicionan como <strong>proveedores de confianza en el sector de la construcci\u00f3n<\/strong>.<\/p>\n<h3>\u00bfPor qu\u00e9 elegirnos?<\/h3>\n<ul>\n<li>\n<p><strong>Asesoramiento personalizado<\/strong>: te ayudamos a elegir el andamio adecuado para tu obra.<\/p>\n<\/li>\n<li>\n<p><strong>Amplio stock disponible<\/strong>: garantizamos disponibilidad inmediata.<\/p>\n<\/li>\n<li>\n<p><strong>Servicio t\u00e9cnico y log\u00edstico<\/strong>: para transporte, montaje y mantenimiento.<\/p>\n<\/li>\n<li>\n<p><strong>Precios competitivos<\/strong>: tanto en alquiler como en venta.<\/p>\n<\/li>\n<li>\n<p><strong>Cobertura en toda Valencia<\/strong> y alrededores.<\/p>\n<\/li>\n<\/ul>\n<p>Desde peque\u00f1as reformas hasta grandes obras de edificaci\u00f3n, nuestros andamios cumplen con los m\u00e1s altos est\u00e1ndares de calidad y seguridad.<\/p>\n<p>El uso de andamios es clave en cualquier obra que implique trabajos en altura. Elegir <strong>andamios certificados, seguros y adaptados a las necesidades de tu proyecto<\/strong> es fundamental para garantizar la protecci\u00f3n de los trabajadores y el avance eficiente de los trabajos.<\/p>\n<p>Si est\u00e1s desarrollando un proyecto de construcci\u00f3n o reforma en Torrent o alrededores, no dudes en contactar con nosotros. En <strong>Mobra Levante<\/strong> encontrar\u00e1s un socio fiable para el <strong>alquiler y venta de andamios en Valencia<\/strong>.<\/p>\n<p><strong>\u00bfNecesitas asesoramiento personalizado?<\/strong><\/p>\n<p>\ud83d\udccd <em>Carrer Palmiters, 29, 46900 Torrent, Valencia<\/em><br \/>\ud83d\udcde <em>961 58 02 49<\/em><br \/>\ud83d\udce7 <em><a href=\"mailto:info@mobralevante.es\">info@mobralevante.es<\/a><\/em><br \/>\ud83c\udf10 <em><a href=\"http:\/\/www.mobralevante.es\">www.mobralevante.es\/ventas<\/a><\/em><\/p>[\/et_pb_text][\/et_pb_column][\/et_pb_row][\/et_pb_section][et_pb_section fb_built=\u00bb1&#8243; admin_label=\u00bbRelated Projects\u00bb module_id=\u00bbencofradoMuro\u00bb _builder_version=\u00bb4.22.1&#8243; _module_preset=\u00bbdefault\u00bb background_color=\u00bb#171717&#8243; collapsed=\u00bbon\u00bb global_colors_info=\u00bb{}\u00bb][et_pb_row _builder_version=\u00bb4.19.0&#8243; _module_preset=\u00bbdefault\u00bb locked=\u00bboff\u00bb global_colors_info=\u00bb{}\u00bb][et_pb_column type=\u00bb4_4&#8243; _builder_version=\u00bb4.19.0&#8243; _module_preset=\u00bbdefault\u00bb global_colors_info=\u00bb{}\u00bb][et_pb_text _builder_version=\u00bb4.22.1&#8243; _module_preset=\u00bbe9d0d157-e860-4043-8cb0-6c39c460d215&#8243; text_orientation=\u00bbcenter\u00bb global_colors_info=\u00bb{}\u00bb]<h2>Andamio\u00a0 TORRE<\/h2>[\/et_pb_text][\/et_pb_column][\/et_pb_row][et_pb_row column_structure=\u00bb1_3,1_3,1_3&#8243; _builder_version=\u00bb4.19.0&#8243; _module_preset=\u00bbdefault\u00bb custom_margin=\u00bb|auto|48px|auto||\u00bb locked=\u00bboff\u00bb global_colors_info=\u00bb{}\u00bb][et_pb_column type=\u00bb1_3&#8243; _builder_version=\u00bb4.19.0&#8243; _module_preset=\u00bbdefault\u00bb custom_padding=\u00bb|30px|30px|30px|false|true\u00bb border_width_all=\u00bb1px\u00bb border_color_all=\u00bb#3E3E3E\u00bb global_colors_info=\u00bb{}\u00bb][et_pb_image src=\u00bbhttps:\/\/mobralevante.es\/ventas\/wp-content\/uploads\/2023\/08\/MOBRA-LEVANTE-imagenes-familia-TORREs.png\u00bb title_text=\u00bbMOBRA LEVANTE imagenes familia TORREs\u00bb module_id=\u00bbencofradoMuroCircular\u00bb _builder_version=\u00bb4.22.1&#8243; _module_preset=\u00bbdefault\u00bb custom_margin=\u00bb|-30px||-30px|false|true\u00bb filter_saturate=\u00bb60%\u00bb border_color_all=\u00bb#000000&#8243; border_width_bottom=\u00bb9px\u00bb global_colors_info=\u00bb{}\u00bb][\/et_pb_image][et_pb_text admin_label=\u00bbENCOFRADO MURO CIRCULAR\u00bb _builder_version=\u00bb4.22.1&#8243; _module_preset=\u00bb896bcb8d-f6fe-4e13-a7a8-240fc8892f2d\u00bb global_colors_info=\u00bb{}\u00bb]<h6>ANDAMIO<\/h6>\n<h6>\u00a0TORRE<\/h6>[\/et_pb_text][et_pb_divider color=\u00bb#e85800&#8243; divider_weight=\u00bb7px\u00bb _builder_version=\u00bb4.22.1&#8243; _module_preset=\u00bbdefault\u00bb background_enable_color=\u00bboff\u00bb module_alignment=\u00bbcenter\u00bb border_color_all=\u00bb#D88406&#8243; global_colors_info=\u00bb{}\u00bb][\/et_pb_divider][\/et_pb_column][et_pb_column type=\u00bb1_3&#8243; _builder_version=\u00bb4.19.0&#8243; _module_preset=\u00bbdefault\u00bb custom_padding=\u00bb|30px|30px|30px|false|true\u00bb border_width_all=\u00bb1px\u00bb border_color_all=\u00bb#3E3E3E\u00bb global_colors_info=\u00bb{}\u00bb][et_pb_image src=\u00bbhttps:\/\/mobralevante.es\/ventas\/wp-content\/uploads\/2023\/08\/MOBRA-LEVANTE-imagenes-familia-TORREs.png\u00bb title_text=\u00bbMOBRA LEVANTE imagenes familia TORREs\u00bb module_id=\u00bbencofradoMuroCircular\u00bb _builder_version=\u00bb4.22.1&#8243; _module_preset=\u00bbdefault\u00bb custom_margin=\u00bb|-30px||-30px|false|true\u00bb filter_saturate=\u00bb60%\u00bb border_color_all=\u00bb#000000&#8243; border_width_bottom=\u00bb9px\u00bb global_colors_info=\u00bb{}\u00bb][\/et_pb_image][et_pb_text admin_label=\u00bbENCOFRADO MURO CIRCULAR\u00bb _builder_version=\u00bb4.22.1&#8243; _module_preset=\u00bb896bcb8d-f6fe-4e13-a7a8-240fc8892f2d\u00bb global_colors_info=\u00bb{}\u00bb]<h6>ANDAMIO<\/h6>\n<h6>\u00a0TORRE<\/h6>[\/et_pb_text][et_pb_divider color=\u00bb#e85800&#8243; divider_weight=\u00bb7px\u00bb _builder_version=\u00bb4.22.1&#8243; _module_preset=\u00bbdefault\u00bb background_enable_color=\u00bboff\u00bb module_alignment=\u00bbcenter\u00bb border_color_all=\u00bb#D88406&#8243; global_colors_info=\u00bb{}\u00bb][\/et_pb_divider][\/et_pb_column][et_pb_column type=\u00bb1_3&#8243; _builder_version=\u00bb4.19.0&#8243; _module_preset=\u00bbdefault\u00bb custom_padding=\u00bb|30px|30px|30px|false|true\u00bb border_width_all=\u00bb1px\u00bb border_color_all=\u00bb#3E3E3E\u00bb global_colors_info=\u00bb{}\u00bb][et_pb_image src=\u00bbhttps:\/\/mobralevante.es\/ventas\/wp-content\/uploads\/2023\/08\/MOBRA-LEVANTE-imagenes-familia-TORREs.png\u00bb title_text=\u00bbMOBRA LEVANTE imagenes familia TORREs\u00bb module_id=\u00bbencofradoMuroCircular\u00bb _builder_version=\u00bb4.22.1&#8243; _module_preset=\u00bbdefault\u00bb custom_margin=\u00bb|-30px||-30px|false|true\u00bb filter_saturate=\u00bb60%\u00bb border_color_all=\u00bb#000000&#8243; border_width_bottom=\u00bb9px\u00bb global_colors_info=\u00bb{}\u00bb][\/et_pb_image][et_pb_text admin_label=\u00bbENCOFRADO MURO CIRCULAR\u00bb _builder_version=\u00bb4.22.1&#8243; _module_preset=\u00bb896bcb8d-f6fe-4e13-a7a8-240fc8892f2d\u00bb global_colors_info=\u00bb{}\u00bb]<h6>ANDAMIO<\/h6>\n<h6>\u00a0TORRE<\/h6>[\/et_pb_text][et_pb_divider color=\u00bb#e85800&#8243; divider_weight=\u00bb7px\u00bb _builder_version=\u00bb4.22.1&#8243; _module_preset=\u00bbdefault\u00bb background_enable_color=\u00bboff\u00bb module_alignment=\u00bbcenter\u00bb border_color_all=\u00bb#D88406&#8243; global_colors_info=\u00bb{}\u00bb][\/et_pb_divider][\/et_pb_column][\/et_pb_row][\/et_pb_section][et_pb_section fb_built=\u00bb1&#8243; admin_label=\u00bbRelated Projects\u00bb module_id=\u00bbencofradoMuro\u00bb _builder_version=\u00bb4.22.1&#8243; _module_preset=\u00bbdefault\u00bb background_color=\u00bb#171717&#8243; collapsed=\u00bbon\u00bb global_colors_info=\u00bb{}\u00bb][et_pb_row _builder_version=\u00bb4.19.0&#8243; _module_preset=\u00bbdefault\u00bb locked=\u00bboff\u00bb global_colors_info=\u00bb{}\u00bb][et_pb_column type=\u00bb4_4&#8243; _builder_version=\u00bb4.19.0&#8243; _module_preset=\u00bbdefault\u00bb global_colors_info=\u00bb{}\u00bb][et_pb_text _builder_version=\u00bb4.22.1&#8243; _module_preset=\u00bbe9d0d157-e860-4043-8cb0-6c39c460d215&#8243; text_orientation=\u00bbcenter\u00bb global_colors_info=\u00bb{}\u00bb]<h2>Andamio EUROPEO TUBULAR<\/h2>[\/et_pb_text][\/et_pb_column][\/et_pb_row][et_pb_row column_structure=\u00bb1_3,1_3,1_3&#8243; _builder_version=\u00bb4.19.0&#8243; _module_preset=\u00bbdefault\u00bb custom_margin=\u00bb|auto|48px|auto||\u00bb locked=\u00bboff\u00bb global_colors_info=\u00bb{}\u00bb][et_pb_column type=\u00bb1_3&#8243; _builder_version=\u00bb4.19.0&#8243; _module_preset=\u00bbdefault\u00bb custom_padding=\u00bb|30px|30px|30px|false|true\u00bb border_width_all=\u00bb1px\u00bb border_color_all=\u00bb#3E3E3E\u00bb global_colors_info=\u00bb{}\u00bb][et_pb_image src=\u00bbhttps:\/\/mobralevante.es\/ventas\/wp-content\/uploads\/2023\/08\/MOBRA-LEVANTE-imagenes-familia-TORREs.png\u00bb title_text=\u00bbMOBRA LEVANTE imagenes familia TORREs\u00bb module_id=\u00bbencofradoMuroCircular\u00bb _builder_version=\u00bb4.22.1&#8243; _module_preset=\u00bbdefault\u00bb custom_margin=\u00bb|-30px||-30px|false|true\u00bb filter_saturate=\u00bb60%\u00bb border_color_all=\u00bb#000000&#8243; border_width_bottom=\u00bb9px\u00bb global_colors_info=\u00bb{}\u00bb][\/et_pb_image][et_pb_text admin_label=\u00bbENCOFRADO MURO CIRCULAR\u00bb _builder_version=\u00bb4.22.1&#8243; _module_preset=\u00bb896bcb8d-f6fe-4e13-a7a8-240fc8892f2d\u00bb global_colors_info=\u00bb{}\u00bb]<h6>ANDAMIO<\/h6>\n<h6>EUROPEO<\/h6>[\/et_pb_text][et_pb_divider color=\u00bb#e85800&#8243; divider_weight=\u00bb7px\u00bb _builder_version=\u00bb4.22.1&#8243; _module_preset=\u00bbdefault\u00bb background_enable_color=\u00bboff\u00bb module_alignment=\u00bbcenter\u00bb border_color_all=\u00bb#D88406&#8243; global_colors_info=\u00bb{}\u00bb][\/et_pb_divider][\/et_pb_column][et_pb_column type=\u00bb1_3&#8243; _builder_version=\u00bb4.19.0&#8243; _module_preset=\u00bbdefault\u00bb custom_padding=\u00bb|30px|30px|30px|false|true\u00bb border_width_all=\u00bb1px\u00bb border_color_all=\u00bb#3E3E3E\u00bb global_colors_info=\u00bb{}\u00bb][et_pb_image src=\u00bbhttps:\/\/mobralevante.es\/ventas\/wp-content\/uploads\/2023\/08\/MOBRA-LEVANTE-imagenes-familia-TORREs.png\u00bb title_text=\u00bbMOBRA LEVANTE imagenes familia TORREs\u00bb module_id=\u00bbencofradoMuroCircular\u00bb _builder_version=\u00bb4.22.1&#8243; _module_preset=\u00bbdefault\u00bb custom_margin=\u00bb|-30px||-30px|false|true\u00bb filter_saturate=\u00bb60%\u00bb border_color_all=\u00bb#000000&#8243; border_width_bottom=\u00bb9px\u00bb global_colors_info=\u00bb{}\u00bb][\/et_pb_image][et_pb_text admin_label=\u00bbENCOFRADO MURO CIRCULAR\u00bb _builder_version=\u00bb4.22.1&#8243; _module_preset=\u00bb896bcb8d-f6fe-4e13-a7a8-240fc8892f2d\u00bb global_colors_info=\u00bb{}\u00bb]<h6>ANDAMIO<\/h6>\n<h6>EUROPEO<\/h6>[\/et_pb_text][et_pb_divider color=\u00bb#e85800&#8243; divider_weight=\u00bb7px\u00bb _builder_version=\u00bb4.22.1&#8243; _module_preset=\u00bbdefault\u00bb background_enable_color=\u00bboff\u00bb module_alignment=\u00bbcenter\u00bb border_color_all=\u00bb#D88406&#8243; global_colors_info=\u00bb{}\u00bb][\/et_pb_divider][\/et_pb_column][et_pb_column type=\u00bb1_3&#8243; _builder_version=\u00bb4.19.0&#8243; _module_preset=\u00bbdefault\u00bb custom_padding=\u00bb|30px|30px|30px|false|true\u00bb border_width_all=\u00bb1px\u00bb border_color_all=\u00bb#3E3E3E\u00bb global_colors_info=\u00bb{}\u00bb][et_pb_image src=\u00bbhttps:\/\/mobralevante.es\/ventas\/wp-content\/uploads\/2023\/08\/MOBRA-LEVANTE-imagenes-familia-TORREs.png\u00bb title_text=\u00bbMOBRA LEVANTE imagenes familia TORREs\u00bb module_id=\u00bbencofradoMuroCircular\u00bb _builder_version=\u00bb4.22.1&#8243; _module_preset=\u00bbdefault\u00bb custom_margin=\u00bb|-30px||-30px|false|true\u00bb filter_saturate=\u00bb60%\u00bb border_color_all=\u00bb#000000&#8243; border_width_bottom=\u00bb9px\u00bb global_colors_info=\u00bb{}\u00bb][\/et_pb_image][et_pb_text admin_label=\u00bbENCOFRADO MURO CIRCULAR\u00bb _builder_version=\u00bb4.22.1&#8243; _module_preset=\u00bb896bcb8d-f6fe-4e13-a7a8-240fc8892f2d\u00bb global_colors_info=\u00bb{}\u00bb]<h6>ANDAMIO<\/h6>\n<h6>EUROPEO<\/h6>[\/et_pb_text][et_pb_divider color=\u00bb#e85800&#8243; divider_weight=\u00bb7px\u00bb _builder_version=\u00bb4.22.1&#8243; _module_preset=\u00bbdefault\u00bb background_enable_color=\u00bboff\u00bb module_alignment=\u00bbcenter\u00bb border_color_all=\u00bb#D88406&#8243; global_colors_info=\u00bb{}\u00bb][\/et_pb_divider][\/et_pb_column][\/et_pb_row][\/et_pb_section][et_pb_section fb_built=\u00bb1&#8243; admin_label=\u00bbRelated Projects\u00bb module_id=\u00bbencofradoMuro\u00bb _builder_version=\u00bb4.22.1&#8243; _module_preset=\u00bbdefault\u00bb background_color=\u00bb#171717&#8243; collapsed=\u00bbon\u00bb global_colors_info=\u00bb{}\u00bb][et_pb_row _builder_version=\u00bb4.19.0&#8243; _module_preset=\u00bbdefault\u00bb locked=\u00bboff\u00bb global_colors_info=\u00bb{}\u00bb][et_pb_column type=\u00bb4_4&#8243; _builder_version=\u00bb4.19.0&#8243; _module_preset=\u00bbdefault\u00bb global_colors_info=\u00bb{}\u00bb][et_pb_text _builder_version=\u00bb4.22.1&#8243; _module_preset=\u00bbe9d0d157-e860-4043-8cb0-6c39c460d215&#8243; text_orientation=\u00bbcenter\u00bb global_colors_info=\u00bb{}\u00bb]<h2>Andamio\u00a0 VARIOS<\/h2>[\/et_pb_text][\/et_pb_column][\/et_pb_row][et_pb_row column_structure=\u00bb1_3,1_3,1_3&#8243; _builder_version=\u00bb4.19.0&#8243; _module_preset=\u00bbdefault\u00bb custom_margin=\u00bb|auto|48px|auto||\u00bb locked=\u00bboff\u00bb global_colors_info=\u00bb{}\u00bb][et_pb_column type=\u00bb1_3&#8243; _builder_version=\u00bb4.19.0&#8243; _module_preset=\u00bbdefault\u00bb custom_padding=\u00bb|30px|30px|30px|false|true\u00bb border_width_all=\u00bb1px\u00bb border_color_all=\u00bb#3E3E3E\u00bb global_colors_info=\u00bb{}\u00bb][et_pb_image src=\u00bbhttps:\/\/mobralevante.es\/ventas\/wp-content\/uploads\/2023\/08\/MOBRA-LEVANTE-imagenes-familia-TORREs.png\u00bb title_text=\u00bbMOBRA LEVANTE imagenes familia TORREs\u00bb module_id=\u00bbencofradoMuroCircular\u00bb _builder_version=\u00bb4.22.1&#8243; _module_preset=\u00bbdefault\u00bb custom_margin=\u00bb|-30px||-30px|false|true\u00bb filter_saturate=\u00bb60%\u00bb border_color_all=\u00bb#000000&#8243; border_width_bottom=\u00bb9px\u00bb global_colors_info=\u00bb{}\u00bb][\/et_pb_image][et_pb_text admin_label=\u00bbENCOFRADO MURO CIRCULAR\u00bb _builder_version=\u00bb4.22.1&#8243; _module_preset=\u00bb896bcb8d-f6fe-4e13-a7a8-240fc8892f2d\u00bb global_colors_info=\u00bb{}\u00bb]<h6>ANDAMIO<\/h6>\n<h6>FACHADA<\/h6>[\/et_pb_text][et_pb_divider color=\u00bb#e85800&#8243; divider_weight=\u00bb7px\u00bb _builder_version=\u00bb4.22.1&#8243; _module_preset=\u00bbdefault\u00bb background_enable_color=\u00bboff\u00bb module_alignment=\u00bbcenter\u00bb border_color_all=\u00bb#D88406&#8243; global_colors_info=\u00bb{}\u00bb][\/et_pb_divider][\/et_pb_column][et_pb_column type=\u00bb1_3&#8243; _builder_version=\u00bb4.19.0&#8243; _module_preset=\u00bbdefault\u00bb custom_padding=\u00bb|30px|30px|30px|false|true\u00bb border_width_all=\u00bb1px\u00bb border_color_all=\u00bb#3E3E3E\u00bb global_colors_info=\u00bb{}\u00bb][et_pb_image src=\u00bbhttps:\/\/mobralevante.es\/ventas\/wp-content\/uploads\/2023\/08\/MOBRA-LEVANTE-imagenes-familia-TORREs.png\u00bb title_text=\u00bbMOBRA LEVANTE imagenes familia TORREs\u00bb module_id=\u00bbencofradoMuroCircular\u00bb _builder_version=\u00bb4.22.1&#8243; _module_preset=\u00bbdefault\u00bb custom_margin=\u00bb|-30px||-30px|false|true\u00bb filter_saturate=\u00bb60%\u00bb border_color_all=\u00bb#000000&#8243; border_width_bottom=\u00bb9px\u00bb global_colors_info=\u00bb{}\u00bb][\/et_pb_image][et_pb_text admin_label=\u00bbENCOFRADO MURO CIRCULAR\u00bb _builder_version=\u00bb4.22.1&#8243; _module_preset=\u00bb896bcb8d-f6fe-4e13-a7a8-240fc8892f2d\u00bb global_colors_info=\u00bb{}\u00bb]<h6>ANDAMIO<\/h6>\n<h6>FACHADA<\/h6>[\/et_pb_text][et_pb_divider color=\u00bb#e85800&#8243; divider_weight=\u00bb7px\u00bb _builder_version=\u00bb4.22.1&#8243; _module_preset=\u00bbdefault\u00bb background_enable_color=\u00bboff\u00bb module_alignment=\u00bbcenter\u00bb border_color_all=\u00bb#D88406&#8243; global_colors_info=\u00bb{}\u00bb][\/et_pb_divider][\/et_pb_column][et_pb_column type=\u00bb1_3&#8243; _builder_version=\u00bb4.19.0&#8243; _module_preset=\u00bbdefault\u00bb custom_padding=\u00bb|30px|30px|30px|false|true\u00bb border_width_all=\u00bb1px\u00bb border_color_all=\u00bb#3E3E3E\u00bb global_colors_info=\u00bb{}\u00bb][et_pb_image src=\u00bbhttps:\/\/mobralevante.es\/ventas\/wp-content\/uploads\/2023\/08\/MOBRA-LEVANTE-imagenes-familia-TORREs.png\u00bb title_text=\u00bbMOBRA LEVANTE imagenes familia TORREs\u00bb module_id=\u00bbencofradoMuroCircular\u00bb _builder_version=\u00bb4.22.1&#8243; _module_preset=\u00bbdefault\u00bb custom_margin=\u00bb|-30px||-30px|false|true\u00bb filter_saturate=\u00bb60%\u00bb border_color_all=\u00bb#000000&#8243; border_width_bottom=\u00bb9px\u00bb global_colors_info=\u00bb{}\u00bb][\/et_pb_image][et_pb_text admin_label=\u00bbENCOFRADO MURO CIRCULAR\u00bb _builder_version=\u00bb4.22.1&#8243; _module_preset=\u00bb896bcb8d-f6fe-4e13-a7a8-240fc8892f2d\u00bb global_colors_info=\u00bb{}\u00bb]<h6>ANDAMIO<\/h6>\n<h6>FACHADA<\/h6>[\/et_pb_text][et_pb_divider color=\u00bb#e85800&#8243; divider_weight=\u00bb7px\u00bb _builder_version=\u00bb4.22.1&#8243; _module_preset=\u00bbdefault\u00bb background_enable_color=\u00bboff\u00bb module_alignment=\u00bbcenter\u00bb border_color_all=\u00bb#D88406&#8243; global_colors_info=\u00bb{}\u00bb][\/et_pb_divider][\/et_pb_column][\/et_pb_row][\/et_pb_section][et_pb_section fb_built=\u00bb1&#8243; fullwidth=\u00bbon\u00bb _builder_version=\u00bb4.22.1&#8243; _module_preset=\u00bbdefault\u00bb background_color=\u00bb#000000&#8243; custom_padding=\u00bb||2px|||\u00bb global_colors_info=\u00bb{}\u00bb][et_pb_fullwidth_image _builder_version=\u00bb4.22.1&#8243; _module_preset=\u00bbdefault\u00bb background_color=\u00bb#000000&#8243; custom_margin=\u00bb-50px||21px|||\u00bb global_colors_info=\u00bb{}\u00bb][\/et_pb_fullwidth_image][\/et_pb_section][et_pb_section fb_built=\u00bb1&#8243; fullwidth=\u00bbon\u00bb _builder_version=\u00bb4.22.1&#8243; _module_preset=\u00bbdefault\u00bb background_color=\u00bb#000000&#8243; custom_padding=\u00bb||2px|||\u00bb global_colors_info=\u00bb{}\u00bb][et_pb_fullwidth_image _builder_version=\u00bb4.22.1&#8243; _module_preset=\u00bbdefault\u00bb background_color=\u00bb#000000&#8243; custom_margin=\u00bb||21px|||\u00bb global_colors_info=\u00bb{}\u00bb][\/et_pb_fullwidth_image][\/et_pb_section]\n","protected":false},"excerpt":{"rendered":"<p>El sector de la construcci\u00f3n los andamios son elementos imprescindibles. Estas estructuras temporales permiten el acceso seguro a zonas elevadas, facilitan el transporte de materiales y garantizan que los trabajos en altura se realicen con la mayor eficiencia y seguridad posible. Si est\u00e1s considerando la venta o alquiler de andamios, es fundamental conocer los tipos [&hellip;]<\/p>\n","protected":false},"author":4,"featured_media":29916,"comment_status":"open","ping_status":"open","sticky":false,"template":"","format":"standard","meta":{"_et_pb_use_builder":"on","_et_pb_old_content":"","_et_gb_content_width":"2880","footnotes":""},"categories":[38,45],"tags":[],"yoast_head":"<!-- This site is optimized with the Yoast SEO plugin v23.4 - https:\/\/yoast.com\/wordpress\/plugins\/seo\/ -->\n<title>Venta y alquiler de andamios en Torrent, Valencia: todo lo que debes saber - Mobra Levante, maquinaria para obra<\/title>\n<meta name=\"robots\" content=\"index, follow, max-snippet:-1, max-image-preview:large, max-video-preview:-1\" \/>\n<link rel=\"canonical\" href=\"https:\/\/mobralevante.es\/ventas\/andamios\/\" \/>\n<meta property=\"og:locale\" content=\"es_ES\" \/>\n<meta property=\"og:type\" content=\"article\" \/>\n<meta property=\"og:title\" content=\"Venta y alquiler de andamios en Torrent, Valencia: todo lo que debes saber - Mobra Levante, maquinaria para obra\" \/>\n<meta property=\"og:description\" content=\"El sector de la construcci\u00f3n los andamios son elementos imprescindibles. Estas estructuras temporales permiten el acceso seguro a zonas elevadas, facilitan el transporte de materiales y garantizan que los trabajos en altura se realicen con la mayor eficiencia y seguridad posible. Si est\u00e1s considerando la venta o alquiler de andamios, es fundamental conocer los tipos [&hellip;]\" \/>\n<meta property=\"og:url\" content=\"https:\/\/mobralevante.es\/ventas\/andamios\/\" \/>\n<meta property=\"og:site_name\" content=\"Mobra Levante, maquinaria para obra\" \/>\n<meta property=\"article:published_time\" content=\"2023-11-19T22:16:23+00:00\" \/>\n<meta property=\"article:modified_time\" content=\"2025-06-27T15:04:57+00:00\" \/>\n<meta property=\"og:image\" content=\"https:\/\/mobralevante.es\/ventas\/wp-content\/uploads\/2018\/09\/ANDAMIOS_andamio-europeo-tubular-1.jpg\" \/>\n\t<meta property=\"og:image:width\" content=\"636\" \/>\n\t<meta property=\"og:image:height\" content=\"392\" \/>\n\t<meta property=\"og:image:type\" content=\"image\/jpeg\" \/>\n<meta name=\"author\" content=\"MOBRA LEVANTE\" \/>\n<meta name=\"twitter:card\" content=\"summary_large_image\" \/>\n<meta name=\"twitter:label1\" content=\"Escrito por\" \/>\n\t<meta name=\"twitter:data1\" content=\"MOBRA LEVANTE\" \/>\n\t<meta name=\"twitter:label2\" content=\"Tiempo de lectura\" \/>\n\t<meta name=\"twitter:data2\" content=\"6 minutos\" \/>\n<script type=\"application\/ld+json\" class=\"yoast-schema-graph\">{\"@context\":\"https:\/\/schema.org\",\"@graph\":[{\"@type\":\"WebPage\",\"@id\":\"https:\/\/mobralevante.es\/ventas\/andamios\/\",\"url\":\"https:\/\/mobralevante.es\/ventas\/andamios\/\",\"name\":\"Venta y alquiler de andamios en Torrent, Valencia: todo lo que debes saber - Mobra Levante, maquinaria para obra\",\"isPartOf\":{\"@id\":\"https:\/\/mobralevante.es\/ventas\/#website\"},\"primaryImageOfPage\":{\"@id\":\"https:\/\/mobralevante.es\/ventas\/andamios\/#primaryimage\"},\"image\":{\"@id\":\"https:\/\/mobralevante.es\/ventas\/andamios\/#primaryimage\"},\"thumbnailUrl\":\"https:\/\/mobralevante.es\/ventas\/wp-content\/uploads\/2018\/09\/ANDAMIOS_andamio-europeo-tubular-1.jpg\",\"datePublished\":\"2023-11-19T22:16:23+00:00\",\"dateModified\":\"2025-06-27T15:04:57+00:00\",\"author\":{\"@id\":\"https:\/\/mobralevante.es\/ventas\/#\/schema\/person\/58209903d59884d6c4280f24fd2dc282\"},\"breadcrumb\":{\"@id\":\"https:\/\/mobralevante.es\/ventas\/andamios\/#breadcrumb\"},\"inLanguage\":\"es\",\"potentialAction\":[{\"@type\":\"ReadAction\",\"target\":[\"https:\/\/mobralevante.es\/ventas\/andamios\/\"]}]},{\"@type\":\"ImageObject\",\"inLanguage\":\"es\",\"@id\":\"https:\/\/mobralevante.es\/ventas\/andamios\/#primaryimage\",\"url\":\"https:\/\/mobralevante.es\/ventas\/wp-content\/uploads\/2018\/09\/ANDAMIOS_andamio-europeo-tubular-1.jpg\",\"contentUrl\":\"https:\/\/mobralevante.es\/ventas\/wp-content\/uploads\/2018\/09\/ANDAMIOS_andamio-europeo-tubular-1.jpg\",\"width\":636,\"height\":392},{\"@type\":\"BreadcrumbList\",\"@id\":\"https:\/\/mobralevante.es\/ventas\/andamios\/#breadcrumb\",\"itemListElement\":[{\"@type\":\"ListItem\",\"position\":1,\"name\":\"Portada\",\"item\":\"https:\/\/mobralevante.es\/ventas\/\"},{\"@type\":\"ListItem\",\"position\":2,\"name\":\"Venta y alquiler de andamios en Torrent, Valencia: todo lo que debes saber\"}]},{\"@type\":\"WebSite\",\"@id\":\"https:\/\/mobralevante.es\/ventas\/#website\",\"url\":\"https:\/\/mobralevante.es\/ventas\/\",\"name\":\"Mobra Levante, maquinaria para obra\",\"description\":\"Mobra levante ventas\",\"potentialAction\":[{\"@type\":\"SearchAction\",\"target\":{\"@type\":\"EntryPoint\",\"urlTemplate\":\"https:\/\/mobralevante.es\/ventas\/?s={search_term_string}\"},\"query-input\":{\"@type\":\"PropertyValueSpecification\",\"valueRequired\":true,\"valueName\":\"search_term_string\"}}],\"inLanguage\":\"es\"},{\"@type\":\"Person\",\"@id\":\"https:\/\/mobralevante.es\/ventas\/#\/schema\/person\/58209903d59884d6c4280f24fd2dc282\",\"name\":\"MOBRA LEVANTE\",\"image\":{\"@type\":\"ImageObject\",\"inLanguage\":\"es\",\"@id\":\"https:\/\/mobralevante.es\/ventas\/#\/schema\/person\/image\/\",\"url\":\"https:\/\/secure.gravatar.com\/avatar\/53f2aaa67e84850c7e1a54576626d0c4?s=96&d=mm&r=g\",\"contentUrl\":\"https:\/\/secure.gravatar.com\/avatar\/53f2aaa67e84850c7e1a54576626d0c4?s=96&d=mm&r=g\",\"caption\":\"MOBRA LEVANTE\"},\"url\":\"https:\/\/mobralevante.es\/ventas\/author\/mobra-levante\/\"}]}<\/script>\n<!-- \/ Yoast SEO plugin. -->","yoast_head_json":{"title":"Venta y alquiler de andamios en Torrent, Valencia: todo lo que debes saber - Mobra Levante, maquinaria para obra","robots":{"index":"index","follow":"follow","max-snippet":"max-snippet:-1","max-image-preview":"max-image-preview:large","max-video-preview":"max-video-preview:-1"},"canonical":"https:\/\/mobralevante.es\/ventas\/andamios\/","og_locale":"es_ES","og_type":"article","og_title":"Venta y alquiler de andamios en Torrent, Valencia: todo lo que debes saber - Mobra Levante, maquinaria para obra","og_description":"El sector de la construcci\u00f3n los andamios son elementos imprescindibles. Estas estructuras temporales permiten el acceso seguro a zonas elevadas, facilitan el transporte de materiales y garantizan que los trabajos en altura se realicen con la mayor eficiencia y seguridad posible. Si est\u00e1s considerando la venta o alquiler de andamios, es fundamental conocer los tipos [&hellip;]","og_url":"https:\/\/mobralevante.es\/ventas\/andamios\/","og_site_name":"Mobra Levante, maquinaria para obra","article_published_time":"2023-11-19T22:16:23+00:00","article_modified_time":"2025-06-27T15:04:57+00:00","og_image":[{"width":636,"height":392,"url":"https:\/\/mobralevante.es\/ventas\/wp-content\/uploads\/2018\/09\/ANDAMIOS_andamio-europeo-tubular-1.jpg","type":"image\/jpeg"}],"author":"MOBRA LEVANTE","twitter_card":"summary_large_image","twitter_misc":{"Escrito por":"MOBRA LEVANTE","Tiempo de lectura":"6 minutos"},"schema":{"@context":"https:\/\/schema.org","@graph":[{"@type":"WebPage","@id":"https:\/\/mobralevante.es\/ventas\/andamios\/","url":"https:\/\/mobralevante.es\/ventas\/andamios\/","name":"Venta y alquiler de andamios en Torrent, Valencia: todo lo que debes saber - Mobra Levante, maquinaria para obra","isPartOf":{"@id":"https:\/\/mobralevante.es\/ventas\/#website"},"primaryImageOfPage":{"@id":"https:\/\/mobralevante.es\/ventas\/andamios\/#primaryimage"},"image":{"@id":"https:\/\/mobralevante.es\/ventas\/andamios\/#primaryimage"},"thumbnailUrl":"https:\/\/mobralevante.es\/ventas\/wp-content\/uploads\/2018\/09\/ANDAMIOS_andamio-europeo-tubular-1.jpg","datePublished":"2023-11-19T22:16:23+00:00","dateModified":"2025-06-27T15:04:57+00:00","author":{"@id":"https:\/\/mobralevante.es\/ventas\/#\/schema\/person\/58209903d59884d6c4280f24fd2dc282"},"breadcrumb":{"@id":"https:\/\/mobralevante.es\/ventas\/andamios\/#breadcrumb"},"inLanguage":"es","potentialAction":[{"@type":"ReadAction","target":["https:\/\/mobralevante.es\/ventas\/andamios\/"]}]},{"@type":"ImageObject","inLanguage":"es","@id":"https:\/\/mobralevante.es\/ventas\/andamios\/#primaryimage","url":"https:\/\/mobralevante.es\/ventas\/wp-content\/uploads\/2018\/09\/ANDAMIOS_andamio-europeo-tubular-1.jpg","contentUrl":"https:\/\/mobralevante.es\/ventas\/wp-content\/uploads\/2018\/09\/ANDAMIOS_andamio-europeo-tubular-1.jpg","width":636,"height":392},{"@type":"BreadcrumbList","@id":"https:\/\/mobralevante.es\/ventas\/andamios\/#breadcrumb","itemListElement":[{"@type":"ListItem","position":1,"name":"Portada","item":"https:\/\/mobralevante.es\/ventas\/"},{"@type":"ListItem","position":2,"name":"Venta y alquiler de andamios en Torrent, Valencia: todo lo que debes saber"}]},{"@type":"WebSite","@id":"https:\/\/mobralevante.es\/ventas\/#website","url":"https:\/\/mobralevante.es\/ventas\/","name":"Mobra Levante, maquinaria para obra","description":"Mobra levante ventas","potentialAction":[{"@type":"SearchAction","target":{"@type":"EntryPoint","urlTemplate":"https:\/\/mobralevante.es\/ventas\/?s={search_term_string}"},"query-input":{"@type":"PropertyValueSpecification","valueRequired":true,"valueName":"search_term_string"}}],"inLanguage":"es"},{"@type":"Person","@id":"https:\/\/mobralevante.es\/ventas\/#\/schema\/person\/58209903d59884d6c4280f24fd2dc282","name":"MOBRA LEVANTE","image":{"@type":"ImageObject","inLanguage":"es","@id":"https:\/\/mobralevante.es\/ventas\/#\/schema\/person\/image\/","url":"https:\/\/secure.gravatar.com\/avatar\/53f2aaa67e84850c7e1a54576626d0c4?s=96&d=mm&r=g","contentUrl":"https:\/\/secure.gravatar.com\/avatar\/53f2aaa67e84850c7e1a54576626d0c4?s=96&d=mm&r=g","caption":"MOBRA LEVANTE"},"url":"https:\/\/mobralevante.es\/ventas\/author\/mobra-levante\/"}]}},"_links":{"self":[{"href":"https:\/\/mobralevante.es\/ventas\/wp-json\/wp\/v2\/posts\/210372"}],"collection":[{"href":"https:\/\/mobralevante.es\/ventas\/wp-json\/wp\/v2\/posts"}],"about":[{"href":"https:\/\/mobralevante.es\/ventas\/wp-json\/wp\/v2\/types\/post"}],"author":[{"embeddable":true,"href":"https:\/\/mobralevante.es\/ventas\/wp-json\/wp\/v2\/users\/4"}],"replies":[{"embeddable":true,"href":"https:\/\/mobralevante.es\/ventas\/wp-json\/wp\/v2\/comments?post=210372"}],"version-history":[{"count":17,"href":"https:\/\/mobralevante.es\/ventas\/wp-json\/wp\/v2\/posts\/210372\/revisions"}],"predecessor-version":[{"id":211247,"href":"https:\/\/mobralevante.es\/ventas\/wp-json\/wp\/v2\/posts\/210372\/revisions\/211247"}],"wp:featuredmedia":[{"embeddable":true,"href":"https:\/\/mobralevante.es\/ventas\/wp-json\/wp\/v2\/media\/29916"}],"wp:attachment":[{"href":"https:\/\/mobralevante.es\/ventas\/wp-json\/wp\/v2\/media?parent=210372"}],"wp:term":[{"taxonomy":"category","embeddable":true,"href":"https:\/\/mobralevante.es\/ventas\/wp-json\/wp\/v2\/categories?post=210372"},{"taxonomy":"post_tag","embeddable":true,"href":"https:\/\/mobralevante.es\/ventas\/wp-json\/wp\/v2\/tags?post=210372"}],"curies":[{"name":"wp","href":"https:\/\/api.w.org\/{rel}","templated":true}]}}